{"id":206,"date":"2026-03-24T10:52:56","date_gmt":"2026-03-24T10:52:56","guid":{"rendered":"https:\/\/wp.als081001te.hemsida.eu\/?p=206"},"modified":"2026-03-24T11:08:55","modified_gmt":"2026-03-24T11:08:55","slug":"lagar","status":"publish","type":"post","link":"https:\/\/wp.als081001te.hemsida.eu\/index.php\/2026\/03\/24\/lagar\/","title":{"rendered":"Lagar"},"content":{"rendered":"\n<p>Jag tycker att lagarna kring GDPR,URL och Creative commons  \u00e4r bra och r\u00e4ttvisa lagar. Jag tycker att man borde f\u00e5 ha kontroll p\u00e5 vad f\u00f6r information som samlas om en och kunna s\u00e4ga till att det ska f\u00f6rsvinna. Jag tycker att URL \u00e4r bra s\u00e5 inte folk bara g\u00e5r och snor andras v\u00e4rk och kan tj\u00e4na pengar p\u00e5 saker som n\u00e5gon annan har gjort.  Jag tycker att Creative commons \u00e4r bra s\u00e5 man vet hur man kan anv\u00e4nda vissa bilder och p\u00e5 vilka villkor man f\u00e5r anv\u00e4nda de olika bilder s\u00e5 att den som har skapat den blir n\u00f6jd.<\/p>\n\n\n\n<p> N\u00e4r jag g\u00f6r en hemsida s\u00e5 m\u00e5ste jag t\u00e4nka p\u00e5 att jag anv\u00e4nder de bilder som jag f\u00e5r anv\u00e4nda och om den \u00e4r m\u00e4rkt med Creative commons s\u00e5 f\u00e5r jag se till att om jag anv\u00e4nder bilden att det \u00e4r p\u00e5 de villkor den som skapade den vill. Man borde \u00e4ven se till att man har anv\u00e4ndarens samtycke innan man samlar in deras information. <\/p>\n\n\n\n<p>Om jag hade tagit upp n\u00e5got material hade jag nog inte gjort s\u00e4rskilt mycket med det om det inte var n\u00e5got jag hade jobbat l\u00e4nge och h\u00e5rt p\u00e5. Om det hade varit n\u00e5got jag hade lagt mycket tid och energi p\u00e5 hade jag nog absolut velat att det skulle vara skyddat s\u00e5 inte n\u00e5gon bara skulle kunna ta det. <\/p>\n\n\n\n<p>Jag tror att jag endast har anv\u00e4nt bilder som jag antingen f\u00e5tt f\u00f6r att anv\u00e4nda, fr\u00e5n sidor man f\u00e5r ta bilder eller bilder jag sj\u00e4lv har tagit. <\/p>\n\n\n\n<p><\/p>\n","protected":false},"excerpt":{"rendered":"<p>Jag tycker att lagarna kring GDPR,URL och Creative commons \u00e4r bra och r\u00e4ttvisa lagar. Jag tycker att man borde f\u00e5 ha kontroll p\u00e5 vad f\u00f6r information som samlas om en och kunna s\u00e4ga till att det ska f\u00f6rsvinna. Jag tycker att URL \u00e4r bra s\u00e5 inte folk bara g\u00e5r och snor andras v\u00e4rk och kan [&hellip;]<\/p>\n","protected":false},"author":1,"featured_media":0,"comment_status":"open","ping_status":"open","sticky":false,"template":"","format":"standard","meta":{"footnotes":""},"categories":[1],"tags":[],"class_list":["post-206","post","type-post","status-publish","format-standard","hentry","category-uncategorized"],"_links":{"self":[{"href":"https:\/\/wp.als081001te.hemsida.eu\/index.php\/wp-json\/wp\/v2\/posts\/206","targetHints":{"allow":["GET"]}}],"collection":[{"href":"https:\/\/wp.als081001te.hemsida.eu\/index.php\/wp-json\/wp\/v2\/posts"}],"about":[{"href":"https:\/\/wp.als081001te.hemsida.eu\/index.php\/wp-json\/wp\/v2\/types\/post"}],"author":[{"embeddable":true,"href":"https:\/\/wp.als081001te.hemsida.eu\/index.php\/wp-json\/wp\/v2\/users\/1"}],"replies":[{"embeddable":true,"href":"https:\/\/wp.als081001te.hemsida.eu\/index.php\/wp-json\/wp\/v2\/comments?post=206"}],"version-history":[{"count":3,"href":"https:\/\/wp.als081001te.hemsida.eu\/index.php\/wp-json\/wp\/v2\/posts\/206\/revisions"}],"predecessor-version":[{"id":210,"href":"https:\/\/wp.als081001te.hemsida.eu\/index.php\/wp-json\/wp\/v2\/posts\/206\/revisions\/210"}],"wp:attachment":[{"href":"https:\/\/wp.als081001te.hemsida.eu\/index.php\/wp-json\/wp\/v2\/media?parent=206"}],"wp:term":[{"taxonomy":"category","embeddable":true,"href":"https:\/\/wp.als081001te.hemsida.eu\/index.php\/wp-json\/wp\/v2\/categories?post=206"},{"taxonomy":"post_tag","embeddable":true,"href":"https:\/\/wp.als081001te.hemsida.eu\/index.php\/wp-json\/wp\/v2\/tags?post=206"}],"curies":[{"name":"wp","href":"https:\/\/api.w.org\/{rel}","templated":true}]}}